{"id":14714,"date":"2022-05-17T08:01:59","date_gmt":"2022-05-17T06:01:59","guid":{"rendered":"https:\/\/goodviennatours.eu\/?p=14714"},"modified":"2025-05-21T13:04:44","modified_gmt":"2025-05-21T11:04:44","slug":"schloss-belvedere-2","status":"publish","type":"post","link":"https:\/\/goodviennatours.eu\/de\/schloss-belvedere-2\/","title":{"rendered":"Das Schloss Belvedere"},"content":{"rendered":"<p><strong>Schloss Belvedere, gilt als das zweitwichtigste Schloss \u00d6sterreichs. Sch\u00f6nbrunn steht zweifelsfrei an erster Stelle von der Besucherfrequenz und der internationalen Bekanntheit aus betrachtet. Zum UNESCO-Weltkulturerbe z\u00e4hlen beide Schl\u00f6sser, genauso wie die gesamte Wiener Innenstadt.\u00a0<\/strong><\/p>\n<p><span data-contrast=\"auto\">Barock, Barocker, Belvedere. Anfang des 18. Jh. von Lucas von Hildebrandt errichtet f\u00fcr seinen Auftraggeber den edlen und milit\u00e4risch erfolgreichen Prinzen Eugen von Savoyen-Carignan.<\/span><\/p>\n<p><span data-contrast=\"auto\">In der Barockzeit war so ein Schl\u00f6sschen die Visitenkarte eines erfolgreichen Mannes. Und siegreich war Prinz Eugen allemal, da er die Osmanen 1683 in die Flucht schlug. Dies sieht man auch in der Architektur des Oberen Belvedere. Die beiden \u00e4u\u00dferen gr\u00fcnen Kuppeln sollen Osmanenzelte darstellen. Das entspricht dem Triumphgedanken der barocken Architektur.<\/span><\/p>\n<p><span data-contrast=\"auto\">Nach dem Tod des Prinzen wurde das Schloss von Maria Theresia erworben, deren Sohn und Nachfolger, Joseph II, es 1781 als eines der ersten Museen weltweit f\u00fcr die Allgemeinheit \u00f6ffnen lie\u00df. Das war ganz im Sinne der Aufkl\u00e4rung und sehr fortschrittlich.\u00a0<\/span><span data-ccp-props=\"{&quot;201341983&quot;:2,&quot;335559740&quot;:270}\">\u00a0<\/span><\/p>\n<p><span data-contrast=\"auto\">Diese kaiserlichen Sammlungen wurden ab 1888 ins neu erbaute Kunsthistorische Museum transferiert und sind heutzutage dort zu sehen. Das Obere Belvedere wurde in Folge als Residenz genutzt Der Komponist Anton Bruckner durfte dort ein Jahr mietfrei wohnen und verstarb auch dort Im Jahr 1896. Thronfolger Franz Ferdinand folgte als n\u00e4chster Bewohner, der dann 1914 in Sarajewo einem Attentat zum Opfer fiel.<\/span><span data-ccp-props=\"{&quot;201341983&quot;:2,&quot;335559740&quot;:270}\">\u00a0<\/span><\/p>\n<p><span data-ccp-props=\"{&quot;201341983&quot;:2,&quot;335559740&quot;:270}\">\u00a0<\/span><\/p>\n<p><span data-contrast=\"auto\">Die \u00f6sterreichische Galerie Belvedere beherbergt heute die Hauptwerke Gustav Klimts und nat\u00fcrlich sein ber\u00fchmtestes Gem\u00e4lde \u201eDer Kuss\u201c. G\u00e4ste aus aller Welt stellen sich stundenlang an, um die goldenen Bilder Klimts bewundern zu k\u00f6nnen. Das Museum zeigt \u00f6sterreichische Kunst vom Mittelalter bis zur Gegenwart. Von Barock \u00fcber Klassizismus Biedermeier, Jugendstil, Expressionismus bis zur Moderne ist alles zu finden.<\/span><span data-ccp-props=\"{&quot;201341983&quot;:2,&quot;335559740&quot;:270}\">\u00a0<\/span><\/p>\n<p><span data-contrast=\"auto\">Der Haupteingang war fr\u00fcher auf der Seite, wo sich der gro\u00dfe Teich befindet und der Weihnachtsmarkt \u00fcblicherweise stattfindet.<\/span><\/p>\n<p><span data-contrast=\"auto\">Historisch wichtig ist auch der Marmorsaal, wo 1955 der Staatsvertrag unterschrieben wurde. \u00d6sterreich wurde nach 10 Jahren Besatzungszeit wieder ein freies und vor allem neutrales Land.<\/span><span data-ccp-props=\"{&quot;201341983&quot;:2,&quot;335559740&quot;:270}\">\u00a0<\/span><\/p>\n<p><span data-ccp-props=\"{&quot;201341983&quot;:2,&quot;335559740&quot;:270}\">\u00a0<\/span><\/p>\n<p><span data-contrast=\"auto\">Der ber\u00fchmte \u201eCanaletto-Blick\u201c auf Wien kann vom Marmorsaal nachempfunden werden.\u00a0<\/span><span data-ccp-props=\"{&quot;201341983&quot;:2,&quot;335559740&quot;:270}\">\u00a0<\/span><\/p>\n<p><span data-contrast=\"auto\">Damit ist ein Blick auf Wien gemeint, den der venezianische Maler Bernardo Bellotto, genannt Canaletto, Mitte des 18. Jh. malte. Das Bild h\u00e4ngt \u00fcbrigens im Kunsthistorischen Museum (KHM), welches die private Gem\u00e4ldesammlung der Habsburger beherbergt.<\/span><span data-ccp-props=\"{&quot;201341983&quot;:2,&quot;335559740&quot;:270}\">\u00a0<\/span><\/p>\n<p><span data-contrast=\"auto\">2018 gab es eine Analyse des Bildes und es wurde festgestellt, dass Canaletto einiges zugunsten der W\u00fcnsche Maria Theresias besch\u00f6nigt hatte. Die schwarze Kuppel der Salesianerinnenkirche rechts im Bild ist in Wirklichkeit nicht so gro\u00df. Auch die Perspektive mit der Karlskirche ganz links passt nicht so ganz. Das war aber fr\u00fcher oft der Fall, dass der Maler, den W\u00fcnschen des Auftraggebers entsprechend, etwas dazugemalt hat, was oft nicht ganz der historischen Wirklichkeit entsprach.<\/span><span data-ccp-props=\"{&quot;201341983&quot;:2,&quot;335559740&quot;:270}\">\u00a0<\/span><\/p>\n<p><span data-ccp-props=\"{&quot;201341983&quot;:2,&quot;335559740&quot;:270}\">\u00a0<\/span><\/p>\n<p><span data-contrast=\"auto\">Der Venezianer war einer der Lieblingsmaler Maria Theresias und es gibt im KHM weitere alte historische Ansichten Wiens in Gem\u00e4ldeform.<\/span><\/p>\n<p><span data-contrast=\"auto\">Gewohnt hat Prinz Eugen im bescheidener gestalteten Unteren Belvedere. Den Oberen Teil nutzte er f\u00fcr die Repr\u00e4sentation, sprich barocke Feste.<\/span><span data-ccp-props=\"{&quot;201341983&quot;:2,&quot;335559740&quot;:270}\">\u00a0<\/span><\/p>\n<p><span data-ccp-props=\"{}\">\u00a0<\/span><\/p>\n<p><span data-contrast=\"auto\">Marie-Antoinette feierte im Oberen Belvedere ihre Verlobung mit Ludwig XVI. im April 1770.<\/span><\/p>\n<p><span data-contrast=\"auto\">Im Unteren Belvedere wurde 1903 die Moderne Galerie als staatliches Museum gegr\u00fcndet und 1907 das Hauptwerk \u201eDer Kuss\u201c erworben. Jetzt befinden sich die Meisterwerke Klimts im Oberen Belvedere und im unteren Teil sind immer wieder interessante Wechselausstellungen.<\/span><span data-ccp-props=\"{}\">\u00a0<\/span><\/p>\n<p><span data-ccp-props=\"{}\">\u00a0<\/span><\/p>\n<p><span data-contrast=\"auto\">\u00a9 Text von Annemarie Geiger <\/span><span data-ccp-props=\"{}\">\u00a0<\/span><\/p>\n","protected":false},"excerpt":{"rendered":"<p>Schloss Belvedere, gilt als das zweitwichtigste Schloss \u00d6sterreichs. Sch\u00f6nbrunn steht zweifelsfrei an erster Stelle von der Besucherfrequenz und der internationalen Bekanntheit aus betrachtet. Zum UNESCO-Weltkulturerbe z\u00e4hlen beide Schl\u00f6sser, genauso wie die gesamte Wiener Innenstadt.\u00a0 Barock, Barocker, Belvedere. Anfang des 18. Jh. von Lucas von Hildebrandt errichtet f\u00fcr seinen Auftraggeber den edlen und milit\u00e4risch erfolgreichen Prinzen [&hellip;]<\/p>\n","protected":false},"author":2,"featured_media":14707,"comment_status":"closed","ping_status":"open","sticky":false,"template":"","format":"standard","meta":{"inline_featured_image":false,"_monsterinsights_skip_tracking":false,"_monsterinsights_sitenote_active":false,"_monsterinsights_sitenote_note":"","_monsterinsights_sitenote_category":0,"footnotes":""},"categories":[78],"tags":[212],"class_list":["post-14714","post","type-post","status-publish","format-standard","has-post-thumbnail","hentry","category-blog-de","tag-schloss-belvedere-wien"],"_links":{"self":[{"href":"https:\/\/goodviennatours.eu\/de\/wp-json\/wp\/v2\/posts\/14714","targetHints":{"allow":["GET"]}}],"collection":[{"href":"https:\/\/goodviennatours.eu\/de\/wp-json\/wp\/v2\/posts"}],"about":[{"href":"https:\/\/goodviennatours.eu\/de\/wp-json\/wp\/v2\/types\/post"}],"author":[{"embeddable":true,"href":"https:\/\/goodviennatours.eu\/de\/wp-json\/wp\/v2\/users\/2"}],"replies":[{"embeddable":true,"href":"https:\/\/goodviennatours.eu\/de\/wp-json\/wp\/v2\/comments?post=14714"}],"version-history":[{"count":2,"href":"https:\/\/goodviennatours.eu\/de\/wp-json\/wp\/v2\/posts\/14714\/revisions"}],"predecessor-version":[{"id":19259,"href":"https:\/\/goodviennatours.eu\/de\/wp-json\/wp\/v2\/posts\/14714\/revisions\/19259"}],"wp:featuredmedia":[{"embeddable":true,"href":"https:\/\/goodviennatours.eu\/de\/wp-json\/wp\/v2\/media\/14707"}],"wp:attachment":[{"href":"https:\/\/goodviennatours.eu\/de\/wp-json\/wp\/v2\/media?parent=14714"}],"wp:term":[{"taxonomy":"category","embeddable":true,"href":"https:\/\/goodviennatours.eu\/de\/wp-json\/wp\/v2\/categories?post=14714"},{"taxonomy":"post_tag","embeddable":true,"href":"https:\/\/goodviennatours.eu\/de\/wp-json\/wp\/v2\/tags?post=14714"}],"curies":[{"name":"wp","href":"https:\/\/api.w.org\/{rel}","templated":true}]}}